[{"@context":"https:\/\/schema.org\/","@type":"Article","@id":"https:\/\/www.absat.sk\/ako-mysli-muz\/#Article","mainEntityOfPage":"https:\/\/www.absat.sk\/ako-mysli-muz\/","headline":"Ako mysl\u00ed mu\u017e?","name":"Ako mysl\u00ed mu\u017e?","description":"Mu\u017esk\u00fd mozog m\u00e1 menej prepojen\u00e9 obe hemisf\u00e9ry oproti mozgu \u017eeny. To m\u00e1 za n\u00e1sledok to, \u017ee mu\u017ei vedia menej prejavova\u0165 em\u00f3cie pri pre\u017e\u00edvan\u00ed situ\u00e1cii. \u00a0Mu\u017e","datePublished":"2017-12-07","dateModified":"2017-12-07","author":{"@type":"Person","@id":"https:\/\/www.absat.sk\/author\/#Person","name":"","url":"https:\/\/www.absat.sk\/author\/","identifier":1,"image":{"@type":"ImageObject","@id":"https:\/\/secure.gravatar.com\/avatar\/b70ca3e57a61efa655568ea1bab21ec867ae74beaf8b182b9ca53fe6fcb8cee7?s=96&d=mm&r=g","url":"https:\/\/secure.gravatar.com\/avatar\/b70ca3e57a61efa655568ea1bab21ec867ae74beaf8b182b9ca53fe6fcb8cee7?s=96&d=mm&r=g","height":96,"width":96}},"publisher":{"@type":"Organization","name":"absat.sk","logo":{"@type":"ImageObject","@id":"\/logo.png","url":"\/logo.png","width":600,"height":60}},"image":{"@type":"ImageObject","@id":"https:\/\/www.absat.sk\/wp-content\/uploads\/img_a284810_w2015_t1518023637.jpg","url":"https:\/\/www.absat.sk\/wp-content\/uploads\/img_a284810_w2015_t1518023637.jpg","height":0,"width":0},"url":"https:\/\/www.absat.sk\/ako-mysli-muz\/","wordCount":452,"articleBody":"Mu\u017esk\u00fd mozog m\u00e1 menej prepojen\u00e9 obe hemisf\u00e9ry oproti mozgu \u017eeny. To m\u00e1 za n\u00e1sledok to, \u017ee mu\u017ei vedia menej prejavova\u0165 em\u00f3cie pri pre\u017e\u00edvan\u00ed situ\u00e1cii.\u00a0Mu\u017e je orientovan\u00fd na \u010dinnos\u0165\u00a0Ke\u010f mu\u017e rie\u0161i nejak\u00fd probl\u00e9m, alebo prev\u00e1dza nejak\u00fa \u010dinnos\u0165, v\u00e4\u010d\u0161inou neprejavuje em\u00f3cie. \u017dena ho pri tom m\u00f4\u017ee obvini\u0165 z\u00a0necitlivosti a\u00a0rezervovanosti. No nie je to tak \u00faplne pravda. Ke\u010f mu\u017e rob\u00ed nejak\u00fa \u010dinnos\u0165, zap\u00e1ja sa do \u010dinnosti jedna hemisf\u00e9ra, v\u00e4\u010d\u0161inou \u013eav\u00e1 &#8211; hlavne ak ide o\u00a0analytick\u00fa kon\u0161truk\u010dn\u00fa \u010dinnos\u0165, no em\u00f3cie sa pri tom nach\u00e1dzaj\u00fa v\u00a0hemisf\u00e9re pravej. Ako u\u017e bolo p\u00edsan\u00e9, mu\u017e nem\u00e1 ve\u013emi medzi sebou tieto hemisf\u00e9ry prepojen\u00e9 a\u00a0tak sa neraz stane, \u017ee po\u010das rie\u0161enia nejak\u00e9ho probl\u00e9mu neprejav\u00ed odpovedaj\u00faci cit. Ten sa dostav\u00ed a\u017e v\u00a0dobe, ke\u010f zapne \u201ec\u00edtiacu\u201c hemisf\u00e9ru a\u00a0v\u0161etko odznova prec\u00edti.\u00a0Mu\u017e m\u00e1 \u0161irok\u00fa \u0161k\u00e1ru prejavov \u2013 len nem\u00e1 pri tom mimiku\u00a0Neraz sa zd\u00e1, akoby mal mu\u017e ak\u00fasi masku. Nech je \u0161\u0165astn\u00fd, smutn\u00fd, nahnevan\u00fd \u2013 st\u00e1le sa tv\u00e1ri rovnako a\u00a0\u017eenu to neraz priv\u00e1dza do \u0161ialenstva. Mu\u017ei ale z\u00a0evolu\u010dn\u00e9ho h\u013eadiska nem\u00f4\u017eu prejavi\u0165 svoje skuto\u010dn\u00e9 pocity, lebo by to mohlo uk\u00e1za\u0165 ich slab\u00e9 str\u00e1nky. I\u00a0ke\u010f u\u017e mu\u017e nelov\u00ed mamuty a\u00a0ne\u0161ermuje v\u00a0rytierskych turnajoch, jeho in\u0161tinkt tvrd\u00e9ho bojovn\u00edka zost\u00e1va. To sp\u00f4sobuje preferencia hemisf\u00e9r \u2013 mu\u017e viac pou\u017e\u00edva analytick\u00fa hemisf\u00e9ru a\u00a0\u017eena citov\u00fa.\u00a0Mu\u017e je mu\u017eom u\u017e od mali\u010dka\u00a0U\u017e mal\u00e9 deti prejavuj\u00fa ur\u010dit\u00fa pohlavn\u00fa rozdielnos\u0165 a\u00a0to pr\u00e1ve rozdielnou preferenciou. Vidie\u0165 to napr\u00edklad pri v\u00fdbere hra\u010diek. Chlapci si vyberaj\u00fa hra\u010dky hranat\u00e9 \u2013 funk\u010dn\u00e9, na rozdiel od diev\u010dat, ktor\u00e9 uprednost\u0148uj\u00fa hra\u010dky m\u00e4kk\u00e9, podobaj\u00face sa na deti a\u00a0ml\u00e1\u010fat\u00e1. Je ale ot\u00e1zne \u010d\u00edm to je \u2013 i\u00a0ke\u010f sa v\u00e4\u010d\u0161ina vedcov prikl\u00e1\u0148a ku vrodenej predispoz\u00edcii (tzv. chlapci preferuj\u00fa tak\u00e9 hra\u010dky lebo s\u00fa chlapci), niektor\u00ed tento n\u00e1zor nepodporuj\u00fa. Je jasn\u00e9, \u017ee nie je mo\u017en\u00e9 uchr\u00e1ni\u0165 die\u0165a pred vplyvmi prostredia. M\u00f4\u017eu na die\u0165a vpl\u00fdva\u0165 rodi\u010dia a\u00a0to i\u00a0nepriamo (mal\u00fd chlapec vid\u00ed, \u010do uprednost\u0148uje jeho otec a\u00a0t\u00fdm sa chce na\u0148ho podoba\u0165) no netreba zab\u00fada\u0165 ani na vplyvy prostredia \u2013 ako je telev\u00edzia, pozorovanie \u013eud\u00ed vonku, knihy at\u010f.\u00a0Mo\u017eno s\u00fa mu\u017ei rozdielny a\u00a0mo\u017eno ich tak rozdielnymi rob\u00ed len tlak spolo\u010dnosti, no je jasn\u00e9, \u017ee tak mu\u017ei ako i\u00a0\u017eeny m\u00f4\u017eu k\u00a0sebe n\u00e1js\u0165 cestu a\u00a0porozumie\u0165 jeden druh\u00e9mu.                                                                                                                                                                                                                                                                                                                                                                                                "},{"@context":"https:\/\/schema.org\/","@type":"BreadcrumbList","itemListElement":[{"@type":"ListItem","position":1,"name":"Ako mysl\u00ed mu\u017e?","item":"https:\/\/www.absat.sk\/ako-mysli-muz\/#breadcrumbitem"}]}]