[{"@context":"https:\/\/schema.org\/","@type":"Article","@id":"https:\/\/www.absat.sk\/bratislava-laka-na-vylet-alebo-dovolenku\/#Article","mainEntityOfPage":"https:\/\/www.absat.sk\/bratislava-laka-na-vylet-alebo-dovolenku\/","headline":"Bratislava l\u00e1ka na v\u00fdlet alebo dovolenku","name":"Bratislava l\u00e1ka na v\u00fdlet alebo dovolenku","description":"Z\u00e1hrady, gal\u00e9rie, kr\u00e1\u013eovsk\u00e1 korunov\u00e1cia alebo plavba po Dunaji, na to v\u0161etko mesto l\u00e1ka. Bratislava nie je preplnen\u00e1 turistami, v meste sa nestrat\u00edte, je vzdu\u0161n\u00e1 a","datePublished":"2017-02-28","dateModified":"2017-02-28","author":{"@type":"Person","@id":"https:\/\/www.absat.sk\/author\/#Person","name":"","url":"https:\/\/www.absat.sk\/author\/","identifier":1,"image":{"@type":"ImageObject","@id":"https:\/\/secure.gravatar.com\/avatar\/b70ca3e57a61efa655568ea1bab21ec867ae74beaf8b182b9ca53fe6fcb8cee7?s=96&d=mm&r=g","url":"https:\/\/secure.gravatar.com\/avatar\/b70ca3e57a61efa655568ea1bab21ec867ae74beaf8b182b9ca53fe6fcb8cee7?s=96&d=mm&r=g","height":96,"width":96}},"publisher":{"@type":"Organization","name":"absat.sk","logo":{"@type":"ImageObject","@id":"\/logo.png","url":"\/logo.png","width":600,"height":60}},"image":{"@type":"ImageObject","@id":"https:\/\/www.absat.sk\/wp-content\/uploads\/img_a280362_w2015_t1493411788.jpg","url":"https:\/\/www.absat.sk\/wp-content\/uploads\/img_a280362_w2015_t1493411788.jpg","height":0,"width":0},"url":"https:\/\/www.absat.sk\/bratislava-laka-na-vylet-alebo-dovolenku\/","wordCount":394,"articleBody":"\tZ\u00e1hrady, gal\u00e9rie, kr\u00e1\u013eovsk\u00e1 korunov\u00e1cia alebo plavba po Dunaji, na to v\u0161etko mesto l\u00e1ka. Bratislava nie je preplnen\u00e1 turistami, v meste sa nestrat\u00edte, je vzdu\u0161n\u00e1 a v\u010faka tunaj\u0161\u00edm n\u00e1dhern\u00fdm z\u00e1hrad\u00e1m a parkom je tu jar najkraj\u0161ia. Obdivova\u0165 pr\u00edrodu v centre mesta v\u0161ak m\u00f4\u017eete po cel\u00fd rok.\t\u00a0Grassalkovi\u010dova z\u00e1hrada\t&#8211;\u00a0\u00a0\u00a0\u00a0\u00a0\u00a0\u00a0 Nach\u00e1dza sa najbli\u017e\u0161ie k historick\u00e9mu centru Bratislavy, je s\u00fa\u010das\u0165ou prezidentsk\u00e9ho pal\u00e1ca.\t&#8211;\u00a0\u00a0\u00a0\u00a0\u00a0\u00a0\u00a0 Tu m\u00f4\u017eete obdivova\u0165 rad n\u00e1dhern\u00fdch kr\u00edkov, urasten\u00fdch stromov, upraven\u00fdch z\u00e1honov a\u00a0mnoho kvet\u00fa.Sad Janka Kr\u00e1\u013ea\t&#8211;\u00a0\u00a0\u00a0\u00a0\u00a0\u00a0\u00a0 Na brehu Dunaja priamo k prech\u00e1dzke nab\u00e1da n\u00e1dhern\u00fd sad Janka Kr\u00e1\u013ea.\t&#8211;\u00a0\u00a0\u00a0\u00a0\u00a0\u00a0\u00a0 Tento sad sa p\u00fd\u0161i jedn\u00fdm prim\u00e1tom, je to toti\u017e najstar\u0161\u00ed verejn\u00fd park v strednej Eur\u00f3pe, zalo\u017een\u00fd u\u017e v roku 1774. Pozrie\u0165 si tu m\u00f4\u017eete aj z\u00e1hradn\u00fd franti\u0161k\u00e1nsky alt\u00e1nok.Danubiana Meulensteen Art Museum\t&#8211;\u00a0\u00a0\u00a0\u00a0\u00a0\u00a0\u00a0 Z centra mesta mnoho turistov vyr\u00e1\u017ea na ob\u013e\u00faben\u00fd v\u00fdlet pr\u00e1ve do tohto m\u00fazea.\t&#8211;\u00a0\u00a0\u00a0\u00a0\u00a0\u00a0\u00a0 Do m\u00fazea sa dostanete lo\u010fou, plavbou po Dunaji a palubn\u00fd l\u00edstok V\u00e1m posl\u00fa\u017ei aj ako vstupenka do m\u00fazea.\t&#8211;\u00a0\u00a0\u00a0\u00a0\u00a0\u00a0\u00a0 Lo\u010f jazd\u00ed v sez\u00f3ne ka\u017ed\u00fa sobotu a nede\u013eu. Sv\u00e4tost\u00e1nok umenie toti\u017e le\u017e\u00ed uprostred \u0161irok\u00e9ho Dunaja na polostrove.Medzin\u00e1rodn\u00fd dom umenia Bibiana\t&#8211;\u00a0\u00a0\u00a0\u00a0\u00a0\u00a0\u00a0 Rodiny s de\u0165mi ur\u010dite uv\u00edtaj\u00fa z\u00e1bavu, ktor\u00fa poskytuje dom umenia Bibiana, priamo v centre Bratislavy v Panskej ulici.\t&#8211;\u00a0\u00a0\u00a0\u00a0\u00a0\u00a0\u00a0 V Eur\u00f3pe tak\u00fdchto in\u0161tit\u00faci\u00ed ve\u013ea nie je, okrem v\u00fdstav ur\u010den\u00fdch hlavne pre deti tu usporad\u00favaj\u00fa divadeln\u00e9 predstavenia, tvoriv\u00e9 dielne alebo hudobn\u00e9 vyst\u00fapenia.Re\u0161taur\u00e1cie\t&#8211;\u00a0\u00a0\u00a0\u00a0\u00a0\u00a0\u00a0 Svoje chu\u0165ov\u00e9 poh\u00e1riky m\u00f4\u017eete uspokoji\u0165 v mnoh\u00fdch re\u0161taur\u00e1ci\u00e1ch s eur\u00f3pskou, \u00e1zijskou ale aj slovenskou kuchy\u0148ou.\t&#8211;\u00a0\u00a0\u00a0\u00a0\u00a0\u00a0\u00a0 Napr\u00edklad Bratislavsk\u00e1 re\u0161taur\u00e1cia na n\u00e1mest\u00ed SNP pon\u00faka skvel\u00fa slovensk\u00fa kuchy\u0148u.\t&#8211;\u00a0\u00a0\u00a0\u00a0\u00a0\u00a0\u00a0 Medzi \u010fal\u0161ie vyhl\u00e1sen\u00e9 re\u0161taur\u00e1cie patr\u00ed Koliba alebo Kamz\u00edk v Zelenej ulici.Mestsk\u00e9 sl\u00e1vnosti\t&#8211;\u00a0\u00a0\u00a0\u00a0\u00a0\u00a0\u00a0 Slovak Food festival je najv\u00e4\u010d\u0161\u00ed piknik v Bratislave.\t&#8211;\u00a0\u00a0\u00a0\u00a0\u00a0\u00a0\u00a0 Trv\u00e1 len jeden pred\u013a\u017een\u00fd v\u00edkend, ale pre v\u0161etk\u00fdch gurm\u00e1nov sa jedn\u00e1 o skvel\u00fd z\u00e1\u017eitok.\t&#8211;\u00a0\u00a0\u00a0\u00a0\u00a0\u00a0\u00a0 Kon\u00e1 sa priamo v Bratislavskom hrade a okrem hodovania sa aj s\u00fa\u0165a\u017e\u00ed a diskutuje.                                                                                                                                                                                                                                                                                                                                                                                                "},{"@context":"https:\/\/schema.org\/","@type":"BreadcrumbList","itemListElement":[{"@type":"ListItem","position":1,"name":"Bratislava l\u00e1ka na v\u00fdlet alebo dovolenku","item":"https:\/\/www.absat.sk\/bratislava-laka-na-vylet-alebo-dovolenku\/#breadcrumbitem"}]}]